{"id":7025,"date":"2016-01-05T22:07:49","date_gmt":"2016-01-05T21:07:49","guid":{"rendered":"http:\/\/www.aussichten-online.net\/?p=7025"},"modified":"2020-10-30T19:40:46","modified_gmt":"2020-10-30T18:40:46","slug":"umsichten-passauer-neue-presse-v-21-10-1965-ns-kunstausstellung-hinter-verschlossenen-tueren-auf-schloss-schleissheim","status":"publish","type":"post","link":"https:\/\/eindruecke.achmnt.eu\/2016\/01\/7025\/","title":{"rendered":"#schleissheim NS-Kunstausstellung hinter ver\u00adschlossenen T\u00fcren auf Schloss Schlei\u00dfheim (1965) \u00bb\u1d00\u029f\u029f\u0262\u1d07\u1d0d\u1d07\u026a\u0274"},"content":{"rendered":"<p><em>sliusica generalia Nr. 57 [05.01.2016]<\/em><\/p>\n<p><a href=\"http:\/\/schleissheim.link\/oq64g\" target=\"_blank\" rel=\"noopener noreferrer\"><strong>schleissheim.link\/oq64g<\/strong><\/a><\/p>\n<p>Zeitungsartikel zu einer Ausstellung von Gem\u00e4lden, Graphiken und einzelnen Plastiken aus ehemaligem nationalsozialistischen Kunstbesitz. Sie ist auf Schlo\u00df Schlei\u00dfheim bei M\u00fcnchen vom Bundesschatzministerium er\u00f6ffnet worden.<\/p>\n<p><strong>Ressource:<\/strong> Bayerische Staatsbibliothek \/ digipress \/ Passauer Neue Presse (21.10.1965)<\/p>\n<p><span style=\"color: #ccc;\"><small>searchid: osh-press-old<\/small><\/span><\/p>\n","protected":false},"excerpt":{"rendered":"<p>sliusica generalia Nr. 57 [05.01.2016] schleissheim.link\/oq64g Zeitungsartikel zu einer Ausstellung von Gem\u00e4lden, Graphiken und einzelnen Plastiken aus ehemaligem nationalsozialistischen Kunstbesitz. Sie ist auf Schlo\u00df Schlei\u00dfheim bei M\u00fcnchen vom Bundesschatzministerium er\u00f6ffnet worden. Ressource: Bayerische Staatsbibliothek \/ digipress \/ Passauer Neue Presse <a href=\"https:\/\/eindruecke.achmnt.eu\/2016\/01\/7025\/\"> Read more&#8230;<\/a><\/p>\n","protected":false},"author":2,"featured_media":0,"comment_status":"closed","ping_status":"closed","sticky":false,"template":"","format":"standard","meta":{"ngg_post_thumbnail":0,"_jetpack_memberships_contains_paid_content":false,"footnotes":"","jetpack_publicize_message":"","jetpack_publicize_feature_enabled":true,"jetpack_social_post_already_shared":false,"jetpack_social_options":{"image_generator_settings":{"template":"highway","enabled":false},"version":2}},"categories":[3860,3857],"tags":[3955,389,4442,6381,2002,2344,5531,2432,5607,5849],"class_list":["post-7025","post","type-post","status-publish","format-standard","hentry","category-sliusica-generalia","category-schleissheim-net","tag-3955","tag-ausstellungen","tag-digipress","tag-kulturortschaftsgeschichte","tag-kunstgeschichte","tag-nachkriegszeit","tag-ns-kunst","tag-oberschleisheim","tag-passauer-neue-presse","tag-schloss-schleissheim"],"jetpack_publicize_connections":[],"jetpack_sharing_enabled":true,"jetpack_featured_media_url":"","_links":{"self":[{"href":"https:\/\/eindruecke.achmnt.eu\/wp-json\/wp\/v2\/posts\/7025"}],"collection":[{"href":"https:\/\/eindruecke.achmnt.eu\/wp-json\/wp\/v2\/posts"}],"about":[{"href":"https:\/\/eindruecke.achmnt.eu\/wp-json\/wp\/v2\/types\/post"}],"author":[{"embeddable":true,"href":"https:\/\/eindruecke.achmnt.eu\/wp-json\/wp\/v2\/users\/2"}],"replies":[{"embeddable":true,"href":"https:\/\/eindruecke.achmnt.eu\/wp-json\/wp\/v2\/comments?post=7025"}],"version-history":[{"count":2,"href":"https:\/\/eindruecke.achmnt.eu\/wp-json\/wp\/v2\/posts\/7025\/revisions"}],"predecessor-version":[{"id":14361,"href":"https:\/\/eindruecke.achmnt.eu\/wp-json\/wp\/v2\/posts\/7025\/revisions\/14361"}],"wp:attachment":[{"href":"https:\/\/eindruecke.achmnt.eu\/wp-json\/wp\/v2\/media?parent=7025"}],"wp:term":[{"taxonomy":"category","embeddable":true,"href":"https:\/\/eindruecke.achmnt.eu\/wp-json\/wp\/v2\/categories?post=7025"},{"taxonomy":"post_tag","embeddable":true,"href":"https:\/\/eindruecke.achmnt.eu\/wp-json\/wp\/v2\/tags?post=7025"}],"curies":[{"name":"wp","href":"https:\/\/api.w.org\/{rel}","templated":true}]}}