{"id":6644,"date":"2015-04-18T23:56:49","date_gmt":"2015-04-18T21:56:49","guid":{"rendered":"http:\/\/www.aussichten-online.net\/?p=6644"},"modified":"2020-03-30T23:29:05","modified_gmt":"2020-03-30T21:29:05","slug":"aventinum-nr-89-19-04-2015-armarium-buchkultur-in-oberpfaelzer-kloestern-am-3-4-juli-2015-in-der-provinzialbibliothek-amberg","status":"publish","type":"post","link":"https:\/\/eindruecke.achmnt.eu\/2015\/04\/6644\/","title":{"rendered":"aventinum Nr. 89 [19.04.2015]: Armarium. Buchkultur in Oberpf\u00e4lzer Kl\u00f6stern, am 3.\/4. Juli 2015 in der Provinzialbibliothek Amberg"},"content":{"rendered":"<p class=\"bodytext\">Die Tagung in der Provinzialbibliothek Amberg besch\u00e4ftigt sich mit verschiedensten Facetten der mittelalterlichen und fr\u00fchneuzeitlichen Buchkultur in den Kl\u00f6stern der ehemaligen Oberen Pfalz wie des heutigen Regierungsbezirks Oberpfalz. Es sind mehr als zehn Beitr\u00e4ge beispielsweise zu kl\u00f6sterlichen Handschriften, zu mittelalterlicher Erz\u00e4hl- und Fachprosa, zu den wenig bekannten Bibliotheken der fr\u00fchneuzeitlichen Bettelordenskl\u00f6ster und zur kl\u00f6sterlichen Buchkultur in der Zeit der Aufkl\u00e4rung angek\u00fcndigt.<\/p>\n<p><a href=\"http:\/\/bit.ly\/1zuOoVg\" target=\"_blank\" rel=\"noopener noreferrer\"><strong>http:\/\/bit.ly\/1zuOoVg <\/strong>(PDF)<\/a><\/p>\n","protected":false},"excerpt":{"rendered":"<p>Die Tagung in der Provinzialbibliothek Amberg besch\u00e4ftigt sich mit verschiedensten Facetten der mittelalterlichen und fr\u00fchneuzeitlichen Buchkultur in den Kl\u00f6stern der ehemaligen Oberen Pfalz wie des heutigen Regierungsbezirks Oberpfalz. Es sind mehr als zehn Beitr\u00e4ge beispielsweise zu kl\u00f6sterlichen Handschriften, zu mittelalterlicher <a href=\"https:\/\/eindruecke.achmnt.eu\/2015\/04\/6644\/\"> Read more&#8230;<\/a><\/p>\n","protected":false},"author":2,"featured_media":0,"comment_status":"closed","ping_status":"open","sticky":false,"template":"","format":"standard","meta":{"ngg_post_thumbnail":0,"_jetpack_memberships_contains_paid_content":false,"footnotes":"","jetpack_publicize_message":"","jetpack_publicize_feature_enabled":true,"jetpack_social_post_already_shared":false,"jetpack_social_options":{"image_generator_settings":{"template":"highway","enabled":false},"version":2}},"categories":[3843],"tags":[4186,4302,5143,5539,5697,6022],"class_list":["post-6644","post","type-post","status-publish","format-standard","hentry","category-aventinum","tag-bayerische-staatliche-bibliotheken","tag-buchgeschichte","tag-klosterbibliotheken","tag-oberpfalz","tag-provinzialbibliothek-amberg","tag-symposion"],"jetpack_publicize_connections":[],"jetpack_sharing_enabled":true,"jetpack_featured_media_url":"","_links":{"self":[{"href":"https:\/\/eindruecke.achmnt.eu\/wp-json\/wp\/v2\/posts\/6644"}],"collection":[{"href":"https:\/\/eindruecke.achmnt.eu\/wp-json\/wp\/v2\/posts"}],"about":[{"href":"https:\/\/eindruecke.achmnt.eu\/wp-json\/wp\/v2\/types\/post"}],"author":[{"embeddable":true,"href":"https:\/\/eindruecke.achmnt.eu\/wp-json\/wp\/v2\/users\/2"}],"replies":[{"embeddable":true,"href":"https:\/\/eindruecke.achmnt.eu\/wp-json\/wp\/v2\/comments?post=6644"}],"version-history":[{"count":1,"href":"https:\/\/eindruecke.achmnt.eu\/wp-json\/wp\/v2\/posts\/6644\/revisions"}],"predecessor-version":[{"id":12043,"href":"https:\/\/eindruecke.achmnt.eu\/wp-json\/wp\/v2\/posts\/6644\/revisions\/12043"}],"wp:attachment":[{"href":"https:\/\/eindruecke.achmnt.eu\/wp-json\/wp\/v2\/media?parent=6644"}],"wp:term":[{"taxonomy":"category","embeddable":true,"href":"https:\/\/eindruecke.achmnt.eu\/wp-json\/wp\/v2\/categories?post=6644"},{"taxonomy":"post_tag","embeddable":true,"href":"https:\/\/eindruecke.achmnt.eu\/wp-json\/wp\/v2\/tags?post=6644"}],"curies":[{"name":"wp","href":"https:\/\/api.w.org\/{rel}","templated":true}]}}