{"id":6185,"date":"2015-10-30T22:07:31","date_gmt":"2015-10-30T21:07:31","guid":{"rendered":"http:\/\/www.einsichten-online.de\/?p=6185"},"modified":"2022-07-08T20:45:15","modified_gmt":"2022-07-08T18:45:15","slug":"vorratsdatenspeicherung-verabschiedet-die-politik-knuppelt-diskussionen-im-schatten-der-fluchtlingsdebatte-nieder","status":"publish","type":"post","link":"https:\/\/eindruecke.achmnt.eu\/2015\/10\/6185\/","title":{"rendered":"#irrsinn Vorratsdatenspeicherung verabschiedet! Die Politik kn\u00fcppelt Diskussionen im Schatten der Fl\u00fcchtlingsdebatte nieder"},"content":{"rendered":"<p><strong><a href=\"https:\/\/www.bundestag.de\/dokumente\/textarchiv\/2015\/kw42_angenommen_abgelehnt\/391724\" target=\"_blank\" rel=\"noopener noreferrer\">https:\/\/www.bundestag.de\/dokumente\/textarchiv\/2015\/kw42_angenommen_abgelehnt\/391724<\/a><\/strong><\/p>\n<p>Nun ist es amtlich: Am 16. Oktober 2015 verabschiedete der Bundestag das Gesetz zur Wiedereinf\u00fchrung der Vorratsdatenspeicherung und stellt somit die gesamte Bev\u00f6lkerung wieder unter Generalverdacht. Meine Kritik habe ich dem SPD-Parteivorstand anl\u00e4sslich der Lekt\u00fcre einer f\u00fcr mich unertr\u00e4glichen &#8222;Argumentationshilfe&#8220; zum Thema (<a href=\"https:\/\/www.spd.de\/linkableblob\/129152\/data\/20150528_verkehrsdatenspeicherung.pdf\" target=\"_blank\" rel=\"noopener noreferrer\">https:\/\/www.spd.de\/linkableblob\/129152\/data\/20150528_verkehrsdatenspeicherung.pdf<\/a>) bereits Ende Mai 2015 dargelegt. Nachdem ich bisweilen keine Antwort erhalten hatte, habe ich diese Mail am 24. Oktober diesen Jahres [sc. 2015] erneut versandt. Ich habe nun erfolglos eine Woche Zeit zum Antworten gegeben, weshalb ich meine (!) Argumentation in Auschnitten nun darlege.<\/p>\n<blockquote><p>Als erkl\u00e4rtem Gegner des Vorhabens gestattet Ihr es mir bitte, weiter von Vorratsdatenspeicherung zu sprechen, da ich &#8222;H\u00f6chstspeicherfristen&#8220; f\u00fcr einen unertr\u00e4glichen Euphmismus halte. Eine solche vors\u00e4tzliche Irref\u00fchrung wird meines Erachtens nur noch durch Begriffsmonster wie &#8222;ARD ZDF DLR Beitragsservice&#8220; statt &#8222;Geb\u00fchreneinzugszentrale&#8220; \u00fcbertroffen. [&#8230;] Als erkl\u00e4rter Gegner der Vorratsdatenspeicherung habe ich nat\u00fcrlich Gespr\u00e4che mit Angeh\u00f6rigen der ausf\u00fchrenden und der rechtssprechenden Gewalt, aus Polizei und Justiz, gef\u00fchrt. Diese haben mir \u2014 aus deren Sicht sehr \u00fcberzeugend \u2014 die Gr\u00fcnde dargelegt, weshalb eine Vorratsdatenspeicherung w\u00fcnschenswert sei. Ich stimme auch sehr damit \u00fcberein, dass Justiz und Polizei in dem Dilemma sind, stets die h\u00f6chstm\u00f6gliche Sicherheit des Einzelnen und der Gesellschaft zu garantieren und gleichzeitig die Eingriffe in die Freiheit des Einzelnen minimal zu halten, wenn nicht gar zu unterlassen. Dieses Dilemma ist nicht zu l\u00f6sen.\u00a0Unsere Gesellschaft muss eine offene Diskussion dar\u00fcber f\u00fchren, welche Balance gew\u00fcnscht wird.<\/p>\n<p><em>E-Mail an den SPD-Parteivorstand (Ausz.), 30.05.2015 \/ \u00b224.10.2015.<br \/>\nDer Text gibt nicht zwingend die Meinung meines Ortsvereins wieder!<\/em><\/p><\/blockquote>\n<p>Eine solche Diskussion wurde nun niedergekn\u00fcppelt, indem der Bundestag am 16. Oktober 2015 die Vorratsdatenspeicherung im Windschatten der Fl\u00fcchtlingsdebatte verabschiedete. Eine offene Debatte, wie sie z.B. das SPD-Mitgliederbegehren http:\/\/www.vds-nein-danke.de\/ angestrebt hatte (Petitionsende 27. [!] Okt. 2015), wurde somit mutwillig unterdr\u00fcckt.<\/p>\n<p><strong>Irrsinn!<\/strong><\/p>\n","protected":false},"excerpt":{"rendered":"<p>https:\/\/www.bundestag.de\/dokumente\/textarchiv\/2015\/kw42_angenommen_abgelehnt\/391724 Nun ist es amtlich: Am 16. Oktober 2015 verabschiedete der Bundestag das Gesetz zur Wiedereinf\u00fchrung der Vorratsdatenspeicherung und stellt somit die gesamte Bev\u00f6lkerung wieder unter Generalverdacht. Meine Kritik habe ich dem SPD-Parteivorstand anl\u00e4sslich der Lekt\u00fcre einer f\u00fcr mich unertr\u00e4glichen <a href=\"https:\/\/eindruecke.achmnt.eu\/2015\/10\/6185\/\"> Read more&#8230;<\/a><\/p>\n","protected":false},"author":2,"featured_media":0,"comment_status":"closed","ping_status":"open","sticky":false,"template":"","format":"standard","meta":{"ngg_post_thumbnail":0,"_jetpack_memberships_contains_paid_content":false,"footnotes":"","jetpack_publicize_message":"","jetpack_publicize_feature_enabled":true,"jetpack_social_post_already_shared":true,"jetpack_social_options":{"image_generator_settings":{"template":"highway","enabled":false},"version":2}},"categories":[6506,11],"tags":[611,796,1689,1757,2765,3037,3591],"class_list":["post-6185","post","type-post","status-publish","format-standard","hentry","category-informationsmanagement","category-informationsgesellschaft","tag-bundestag","tag-demokratie","tag-informationsgesellschaft","tag-irrsinn","tag-rechtsstaat","tag-sozialdemokratische-partei-deutschlands","tag-vorratsdatenspeicherung"],"jetpack_publicize_connections":[],"jetpack_sharing_enabled":true,"jetpack_featured_media_url":"","_links":{"self":[{"href":"https:\/\/eindruecke.achmnt.eu\/wp-json\/wp\/v2\/posts\/6185"}],"collection":[{"href":"https:\/\/eindruecke.achmnt.eu\/wp-json\/wp\/v2\/posts"}],"about":[{"href":"https:\/\/eindruecke.achmnt.eu\/wp-json\/wp\/v2\/types\/post"}],"author":[{"embeddable":true,"href":"https:\/\/eindruecke.achmnt.eu\/wp-json\/wp\/v2\/users\/2"}],"replies":[{"embeddable":true,"href":"https:\/\/eindruecke.achmnt.eu\/wp-json\/wp\/v2\/comments?post=6185"}],"version-history":[{"count":1,"href":"https:\/\/eindruecke.achmnt.eu\/wp-json\/wp\/v2\/posts\/6185\/revisions"}],"predecessor-version":[{"id":11916,"href":"https:\/\/eindruecke.achmnt.eu\/wp-json\/wp\/v2\/posts\/6185\/revisions\/11916"}],"wp:attachment":[{"href":"https:\/\/eindruecke.achmnt.eu\/wp-json\/wp\/v2\/media?parent=6185"}],"wp:term":[{"taxonomy":"category","embeddable":true,"href":"https:\/\/eindruecke.achmnt.eu\/wp-json\/wp\/v2\/categories?post=6185"},{"taxonomy":"post_tag","embeddable":true,"href":"https:\/\/eindruecke.achmnt.eu\/wp-json\/wp\/v2\/tags?post=6185"}],"curies":[{"name":"wp","href":"https:\/\/api.w.org\/{rel}","templated":true}]}}