{"id":5861,"date":"2015-05-29T00:53:09","date_gmt":"2015-05-28T22:53:09","guid":{"rendered":"http:\/\/www.einsichten-online.de\/?p=5861"},"modified":"2022-07-08T20:45:15","modified_gmt":"2022-07-08T18:45:15","slug":"wie-sieht-unser-entwurf-einer-gesellschaft-aus-die-angemessen-mit-daten-umgeht-der-gesetzentwurf-zur-vorratsdatenspeicherung-liegt-vor","status":"publish","type":"post","link":"https:\/\/eindruecke.achmnt.eu\/2015\/05\/29\/5861\/wie-sieht-unser-entwurf-einer-gesellschaft-aus-die-angemessen-mit-daten-umgeht-der-gesetzentwurf-zur-vorratsdatenspeicherung-liegt-vor\/","title":{"rendered":"&#8222;Wie sieht unser Entwurf einer Gesellschaft aus, die angemessen mit Daten umgeht?&#8220; Der Gesetzentwurf zur Vorratsdatenspeicherung liegt vor"},"content":{"rendered":"<p><strong><a href=\"http:\/\/www.bmjv.de\/SharedDocs\/Downloads\/DE\/pdfs\/Gesetze\/RegE_Hoechstspeicherfrist.pdf\" target=\"_blank\" rel=\"noopener noreferrer\">www.bmjv.de\/SharedDocs\/Downloads\/DE\/pdfs\/Gesetze\/RegE_Hoechstspeicherfrist.pdf<br \/>\nwww.bmjv.de\/SharedDocs\/Downloads\/DE\/pdfs\/20150415-Leitlinien-HSF.pdf<\/a><\/strong><\/p>\n<p>Als erkl\u00e4rtem Gegner sei es mir gestattet, weiter von Vorrats\u00addaten\u00adspeicherung zu sprechen, da ich &#8222;H\u00f6chstspeicherfristen&#8220; f\u00fcr einen unertr\u00e4glichen Euphmismus halte. Eine solche Irref\u00fchrung wird meines Erachtens nur noch durch Begriffsmonster wie &#8222;ARD ZDF DLR Beitragsservice&#8220; statt &#8222;Geb\u00fchreneinzugszentrale&#8220; \u00fcbetroffen. Ich muss in beiden F\u00e4llen den Sch\u00f6pfern dieser semantischen Leistungen aber meinen Respekt zollen, auch wenn der intendierte Wahrheitsgehalt sichtlich hat leiden m\u00fcssen. Das Wort ist ferner eine Verkehrung und Umkehrung der Ausgangslage. Der Begriff &#8218;Vorratsdatenspeicherung&#8216; bezeichnete &#8211; wenigstens ehrlich &#8211; klar und deutlich, dass ein neuer Eingriff in den Datenschutz etabliert wird. H\u00f6chstspeicherfrist geht hingegen davon aus, dass die Daten bereits jetzt beliebig lange w\u00fcrden gespeichert werden k\u00f6nnen und die Politik ihren &#8218;Untertanen&#8216; die Gnade erweist, eben eine H\u00f6chstspeicherfrist einzuf\u00fchren!<\/p>\n<p>Als erkl\u00e4rter Gegner der Vorratsdatenspeicherung habe ich nat\u00fcrlich Gespr\u00e4che mit Angeh\u00f6rigen der ausf\u00fchrenden und der rechtssprechenden Gewalt, aus Polizei und Justiz gef\u00fchrt. Diese haben mir &#8211; glaubhaft und \u00fcberzeugend &#8211; die Gr\u00fcnde dargelegt, weshalb eine Vorratsdatenspeicherung w\u00fcnschenswert sei. Ich stimme auch sehr damit \u00fcberein, dass Justiz und Polizei in dem Dilemma sind, stets die h\u00f6chstm\u00f6gliche Sicherheit des Einzelnen und der Gesellschaft zu garantieren und gleichzeitig die Eingriffe in die Freiheit des Einzelnen minimal zu halten, wenn nicht gar zu unterlassen. Dieses Dilemma ist nicht zu l\u00f6sen. Unsere Gesellschaft muss eine offene Diskussion dar\u00fcber f\u00fchren, welche Balance gew\u00fcnscht wird.\u00a0 &#8222;Big Brother is Watching You&#8220; &#8211; la\u00df ich in der 10. Klasse (1997) im Englischunterricht bei George Orwell. &#8222;Big Brother is Retrieving You&#8220; h\u00e4tte ich nun 20 Jahre sp\u00e4ter nicht gedacht.<\/p>\n<p><em>Vgl. auch <a href=\"http:\/\/www.internet-law.de\/2015\/04\/wollen-wir-eine-vorratsdatenspeicherung-light.html\" target=\"_blank\" rel=\"noopener noreferrer\">http:\/\/www.internet-law.de\/2015\/04\/wollen-wir-eine-vorratsdatenspeicherung-light.html<\/a>; Titelzitat: Christoph Kappes<\/em><\/p>\n","protected":false},"excerpt":{"rendered":"<p>www.bmjv.de\/SharedDocs\/Downloads\/DE\/pdfs\/Gesetze\/RegE_Hoechstspeicherfrist.pdf www.bmjv.de\/SharedDocs\/Downloads\/DE\/pdfs\/20150415-Leitlinien-HSF.pdf Als erkl\u00e4rtem Gegner sei es mir gestattet, weiter von Vorrats\u00addaten\u00adspeicherung zu sprechen, da ich &#8222;H\u00f6chstspeicherfristen&#8220; f\u00fcr einen unertr\u00e4glichen Euphmismus halte. Eine solche Irref\u00fchrung wird meines Erachtens nur noch durch Begriffsmonster wie &#8222;ARD ZDF DLR Beitragsservice&#8220; statt &#8222;Geb\u00fchreneinzugszentrale&#8220; \u00fcbetroffen. <a href=\"https:\/\/eindruecke.achmnt.eu\/2015\/05\/29\/5861\/wie-sieht-unser-entwurf-einer-gesellschaft-aus-die-angemessen-mit-daten-umgeht-der-gesetzentwurf-zur-vorratsdatenspeicherung-liegt-vor\/\"> Read more&#8230;<\/a><\/p>\n","protected":false},"author":2,"featured_media":0,"comment_status":"closed","ping_status":"open","sticky":false,"template":"","format":"standard","meta":{"ngg_post_thumbnail":0,"_jetpack_memberships_contains_paid_content":false,"footnotes":"","jetpack_publicize_message":"","jetpack_publicize_feature_enabled":true,"jetpack_social_post_already_shared":true,"jetpack_social_options":{"image_generator_settings":{"template":"highway","enabled":false},"version":2}},"categories":[6506,11],"tags":[71,1398,1689,1757,2992,3591],"class_list":["post-5861","post","type-post","status-publish","format-standard","hentry","category-informationsmanagement","category-informationsgesellschaft","tag-71","tag-gesetz","tag-informationsgesellschaft","tag-irrsinn","tag-sicherheitspolitik","tag-vorratsdatenspeicherung"],"jetpack_publicize_connections":[],"aioseo_notices":[],"jetpack_sharing_enabled":true,"jetpack_featured_media_url":"","_links":{"self":[{"href":"https:\/\/eindruecke.achmnt.eu\/wp-json\/wp\/v2\/posts\/5861"}],"collection":[{"href":"https:\/\/eindruecke.achmnt.eu\/wp-json\/wp\/v2\/posts"}],"about":[{"href":"https:\/\/eindruecke.achmnt.eu\/wp-json\/wp\/v2\/types\/post"}],"author":[{"embeddable":true,"href":"https:\/\/eindruecke.achmnt.eu\/wp-json\/wp\/v2\/users\/2"}],"replies":[{"embeddable":true,"href":"https:\/\/eindruecke.achmnt.eu\/wp-json\/wp\/v2\/comments?post=5861"}],"version-history":[{"count":1,"href":"https:\/\/eindruecke.achmnt.eu\/wp-json\/wp\/v2\/posts\/5861\/revisions"}],"predecessor-version":[{"id":12013,"href":"https:\/\/eindruecke.achmnt.eu\/wp-json\/wp\/v2\/posts\/5861\/revisions\/12013"}],"wp:attachment":[{"href":"https:\/\/eindruecke.achmnt.eu\/wp-json\/wp\/v2\/media?parent=5861"}],"wp:term":[{"taxonomy":"category","embeddable":true,"href":"https:\/\/eindruecke.achmnt.eu\/wp-json\/wp\/v2\/categories?post=5861"},{"taxonomy":"post_tag","embeddable":true,"href":"https:\/\/eindruecke.achmnt.eu\/wp-json\/wp\/v2\/tags?post=5861"}],"curies":[{"name":"wp","href":"https:\/\/api.w.org\/{rel}","templated":true}]}}