{"id":5446,"date":"2014-06-14T17:06:01","date_gmt":"2014-06-14T15:06:01","guid":{"rendered":"http:\/\/www.aussichten-online.net\/2014\/06\/5446\/"},"modified":"2020-03-30T23:29:57","modified_gmt":"2020-03-30T21:29:57","slug":"geschichte-der-ddr-informationen-zur-politische","status":"publish","type":"post","link":"https:\/\/eindruecke.achmnt.eu\/2014\/06\/5446\/","title":{"rendered":"Geschichte der DDR (= Informationen zur politischen Bildung Nr. 312\/2011)"},"content":{"rendered":"<table>\n<tbody>\n<tr>\n<td valign=\"top\">\n<div><a href=\"http:\/\/www.facebook.com\/profile.php?id=590525162\"><img loading=\"lazy\" decoding=\"async\" src=\"http:\/\/graph.facebook.com\/590525162\/picture\" alt=\"\" width=\"50\" height=\"50\" \/><\/a><\/div>\n<\/td>\n<td>\n<table width=\"100%\">\n<tbody>\n<tr>\n<td><a href=\"http:\/\/www.facebook.com\/profile.php?id=590525162\">Andreas C. Hofmann<\/a><\/td>\n<td align=\"right\">3:06pm Jun 14<\/td>\n<\/tr>\n<\/tbody>\n<\/table>\n<div>Geschichte der DDR (= Informationen zur politischen Bildung Nr. 312\/2011)<br \/>\nhttp:\/\/www.bpb.de\/izpb\/48499Mehr als 20 Jahre seit der Wiedervereinigung ist das Kapitel DDR und deutsche Teilung nicht abgeschlossen. Zu nachhaltig haben 40 Jahre Zweistaatlichkeit das Leben der Menschen gepr\u00e4gt, und zu weitreichend waren die Probleme, die aus Defiziten der DDR und aus den Herausforderungen des Einheitsprozesses entstanden. Ein chronologischer R\u00fcckblick auf die Geschichte der DDR von der sowjetischen Besatzungszeit ab 1945 bis zur deutschen Einheit im Oktober 1990 stellt die Bildung, Ausformung, Herrschaft sowie den Niedergang der weltanschaulich gepr\u00e4gten Diktatur im Ostteil Deutschlands in den Mittelpunkt. Aber auch die Lebensumst\u00e4nde der Bev\u00f6lkerung und ihr Alltag werden in den Blick genommen, um so die Grenzen des Herrschaftssystems sichtbar zu machen.\u00a9 Text: BPB<\/p>\n<\/div>\n<\/td>\n<\/tr>\n<\/tbody>\n<\/table>\n","protected":false},"excerpt":{"rendered":"<p>Andreas C. Hofmann 3:06pm Jun 14 Geschichte der DDR (= Informationen zur politischen Bildung Nr. 312\/2011) http:\/\/www.bpb.de\/izpb\/48499Mehr als 20 Jahre seit der Wiedervereinigung ist das Kapitel DDR und deutsche Teilung nicht abgeschlossen. Zu nachhaltig haben 40 Jahre Zweistaatlichkeit das Leben <a href=\"https:\/\/eindruecke.achmnt.eu\/2014\/06\/5446\/\"> Read more&#8230;<\/a><\/p>\n","protected":false},"author":2,"featured_media":0,"comment_status":"closed","ping_status":"closed","sticky":false,"template":"","format":"standard","meta":{"ngg_post_thumbnail":0,"_jetpack_memberships_contains_paid_content":false,"footnotes":"","jetpack_publicize_message":"","jetpack_publicize_feature_enabled":true,"jetpack_social_post_already_shared":false,"jetpack_social_options":{"image_generator_settings":{"template":"highway","enabled":false},"version":2}},"categories":[3851],"tags":[4318,783,4982,3787],"class_list":["post-5446","post","type-post","status-publish","format-standard","hentry","category-novum-ach","tag-bundeszentrale-fur-politische-bildungsarbeit","tag-ddr","tag-informationen-zur-politischen-bildung","tag-zeitgeschichte"],"jetpack_publicize_connections":[],"jetpack_sharing_enabled":true,"jetpack_featured_media_url":"","_links":{"self":[{"href":"https:\/\/eindruecke.achmnt.eu\/wp-json\/wp\/v2\/posts\/5446"}],"collection":[{"href":"https:\/\/eindruecke.achmnt.eu\/wp-json\/wp\/v2\/posts"}],"about":[{"href":"https:\/\/eindruecke.achmnt.eu\/wp-json\/wp\/v2\/types\/post"}],"author":[{"embeddable":true,"href":"https:\/\/eindruecke.achmnt.eu\/wp-json\/wp\/v2\/users\/2"}],"replies":[{"embeddable":true,"href":"https:\/\/eindruecke.achmnt.eu\/wp-json\/wp\/v2\/comments?post=5446"}],"version-history":[{"count":1,"href":"https:\/\/eindruecke.achmnt.eu\/wp-json\/wp\/v2\/posts\/5446\/revisions"}],"predecessor-version":[{"id":12444,"href":"https:\/\/eindruecke.achmnt.eu\/wp-json\/wp\/v2\/posts\/5446\/revisions\/12444"}],"wp:attachment":[{"href":"https:\/\/eindruecke.achmnt.eu\/wp-json\/wp\/v2\/media?parent=5446"}],"wp:term":[{"taxonomy":"category","embeddable":true,"href":"https:\/\/eindruecke.achmnt.eu\/wp-json\/wp\/v2\/categories?post=5446"},{"taxonomy":"post_tag","embeddable":true,"href":"https:\/\/eindruecke.achmnt.eu\/wp-json\/wp\/v2\/tags?post=5446"}],"curies":[{"name":"wp","href":"https:\/\/api.w.org\/{rel}","templated":true}]}}