{"id":5355,"date":"2014-09-06T12:33:46","date_gmt":"2014-09-06T10:33:46","guid":{"rendered":"http:\/\/www.einsichten-online.de\/2014\/09\/5355\/"},"modified":"2020-03-30T23:29:36","modified_gmt":"2020-03-30T21:29:36","slug":"aussichten-perspektivierung-von-geschichte-september-6-2014","status":"publish","type":"post","link":"https:\/\/eindruecke.achmnt.eu\/2014\/09\/5355\/","title":{"rendered":"aussichten. Perspektivierung von Geschichte, September 6, 2014"},"content":{"rendered":"<p class=\"scrd_header\">Neueste Beitr\u00e4ge in &#8218;aussichten&#8216;<\/p>\n<ul class=\"scrd_digest\">\n<li><a href=\"http:\/\/www.aussichten-online.net\/2014\/09\/5817\/\" rel=\"external\">Oberschlei\u00dfheims Erster B\u00fcrgermeister Kuchlbauer signalisiert Bereitschaft f\u00fcr finanzielle Unterst\u00fctzung<\/a>\n<\/li>\n<li><a href=\"http:\/\/www.aussichten-online.net\/2014\/09\/5815\/\" rel=\"external\">umsichten extra: Katalogisierung und Archivierung von \u00bbumsichten\u00ab bei der Deutschen Nationalbibliothek<\/a>\n<\/li>\n<li><a href=\"http:\/\/www.aussichten-online.net\/2014\/09\/5813\/\" rel=\"external\">Jan Assmann: Vertikaler Sozialismus. Solidarit\u00e4t und Gerechtigkeit im alt\u00e4gyptischen Staat, in: Richard Faber (Hrsg.): Sozialismus in Geschichte und Gegenwart, W\u00fcrzburg 1994, S. 45-60<\/a>\n<\/li>\n<li><a href=\"http:\/\/www.aussichten-online.net\/2014\/09\/5803\/\" rel=\"external\">Museumsreport: Besucherzentrum Welterbe Regensburg<\/a>\n<\/li>\n<li><a href=\"http:\/\/www.aussichten-online.net\/2014\/09\/5801\/\" rel=\"external\">aventinum Nr. 82 [03.09.2014]: J\u00fcdisches Leben am Tegernsee 1900 bis 1933. Ausstellung der Monacensia im Studienraum des J\u00fcdischen Museums M\u00fcnchen<\/a>\n<\/li>\n<li><a href=\"http:\/\/www.aussichten-online.net\/2014\/09\/5798\/\" rel=\"external\">Donaubauer, Stefan: Geschichte und Fernsehen 1964-2004. 40 Jahre Geschichte im Bayerischen Fernsehen. Phil. Diss. [online] M\u00fcnchen 2011<\/a>\n<\/li>\n<li><a href=\"http:\/\/www.aussichten-online.net\/2014\/09\/5794\/\" rel=\"external\">Lernplattform ZEIT f\u00fcr die Schule. Die Geschichte der deutschen Literatur<\/a>\n<\/li>\n<li><a href=\"http:\/\/www.aussichten-online.net\/2014\/09\/5792\/\" rel=\"external\">Portal des Bundesarchivs zum Ersten Weltkrieg<\/a>\n<\/li>\n<li><a href=\"http:\/\/www.aussichten-online.net\/2014\/08\/5790\/\" rel=\"external\">Fragen und Antworten zum Bahnhofsgeb\u00e4ude und zur Initiative<\/a>\n<\/li>\n<\/ul>\n<p class=\"scrd_footer\">Weitere Informationen finden Sie unter http:\/\/www.aussichten-online.net<\/p>\n<p class=\"scrd_credit\">Digest powered by <a href=\"http:\/\/www.rssdigestpro.com\">RSS Digest<\/a><\/p>\n","protected":false},"excerpt":{"rendered":"<p>Neueste Beitr\u00e4ge in &#8218;aussichten&#8216; Oberschlei\u00dfheims Erster B\u00fcrgermeister Kuchlbauer signalisiert Bereitschaft f\u00fcr finanzielle Unterst\u00fctzung umsichten extra: Katalogisierung und Archivierung von \u00bbumsichten\u00ab bei der Deutschen Nationalbibliothek Jan Assmann: Vertikaler Sozialismus. Solidarit\u00e4t und Gerechtigkeit im alt\u00e4gyptischen Staat, in: Richard Faber (Hrsg.): Sozialismus in <a href=\"https:\/\/eindruecke.achmnt.eu\/2014\/09\/5355\/\"> Read more&#8230;<\/a><\/p>\n","protected":false},"author":2,"featured_media":0,"comment_status":"closed","ping_status":"open","sticky":false,"template":"","format":"standard","meta":{"ngg_post_thumbnail":0,"_jetpack_memberships_contains_paid_content":false,"footnotes":"","jetpack_publicize_message":"","jetpack_publicize_feature_enabled":true,"jetpack_social_post_already_shared":true,"jetpack_social_options":{"image_generator_settings":{"template":"highway","enabled":false},"version":2}},"categories":[5],"tags":[387],"class_list":["post-5355","post","type-post","status-publish","format-standard","hentry","category-aussichten","tag-aussichten"],"jetpack_publicize_connections":[],"jetpack_sharing_enabled":true,"jetpack_featured_media_url":"","_links":{"self":[{"href":"https:\/\/eindruecke.achmnt.eu\/wp-json\/wp\/v2\/posts\/5355"}],"collection":[{"href":"https:\/\/eindruecke.achmnt.eu\/wp-json\/wp\/v2\/posts"}],"about":[{"href":"https:\/\/eindruecke.achmnt.eu\/wp-json\/wp\/v2\/types\/post"}],"author":[{"embeddable":true,"href":"https:\/\/eindruecke.achmnt.eu\/wp-json\/wp\/v2\/users\/2"}],"replies":[{"embeddable":true,"href":"https:\/\/eindruecke.achmnt.eu\/wp-json\/wp\/v2\/comments?post=5355"}],"version-history":[{"count":1,"href":"https:\/\/eindruecke.achmnt.eu\/wp-json\/wp\/v2\/posts\/5355\/revisions"}],"predecessor-version":[{"id":12312,"href":"https:\/\/eindruecke.achmnt.eu\/wp-json\/wp\/v2\/posts\/5355\/revisions\/12312"}],"wp:attachment":[{"href":"https:\/\/eindruecke.achmnt.eu\/wp-json\/wp\/v2\/media?parent=5355"}],"wp:term":[{"taxonomy":"category","embeddable":true,"href":"https:\/\/eindruecke.achmnt.eu\/wp-json\/wp\/v2\/categories?post=5355"},{"taxonomy":"post_tag","embeddable":true,"href":"https:\/\/eindruecke.achmnt.eu\/wp-json\/wp\/v2\/tags?post=5355"}],"curies":[{"name":"wp","href":"https:\/\/api.w.org\/{rel}","templated":true}]}}