{"id":4743,"date":"2013-10-24T23:37:33","date_gmt":"2013-10-24T21:37:33","guid":{"rendered":"http:\/\/www.einsichten-online.de\/?p=4743"},"modified":"2020-04-22T14:52:02","modified_gmt":"2020-04-22T12:52:02","slug":"public-history-weekly-blog-journal-for-history-and-civics-education","status":"publish","type":"post","link":"https:\/\/eindruecke.achmnt.eu\/2013\/10\/4743\/","title":{"rendered":"Public History Weekly. Blog Journal for History and Civics Education"},"content":{"rendered":"<p><a href=\"http:\/\/public-history-weekly.oldenbourg-verlag.de\" target=\"_blank\" rel=\"noopener noreferrer\"><strong>http:\/\/public-history-weekly.oldenbourg-verlag.de<\/strong><\/a><\/p>\n<p>In den vergangenen Monaten ist ein Format entwickelt worden, das lebendigen, nahezu echtzeitigen wissenschaftlichen Austausch erm\u00f6glicht und das die Rationalit\u00e4tspotentiale der Didaktiken der Geschichte und Politik effektiv \u00f6ffentlich und massenmedial kompatibel sichtbar macht. Als Zielgruppen werden \u00fcber den vorgenannten wissenschaftlichen Kreis hinaus auch und besonders die LehrerInnen, die JounalistInnen und ganz allgemein eine interessierte \u00d6ffentlichkeit betrachtet. Das sind Gruppen, die bis anhin keinen Zugang zur Diskussion in den Didaktiken der Geschichte und Politik hatten und umgedreht f\u00fcr publizierende DidaktikerInnen kaum erreichbar waren.<\/p>\n<p><em>Aus: Marko Demantowsky: Editorial. Noch eine neue Zeitschrift?, in: Public History Weekly. Blog Journal for History and Civics Education [03.09.2013], <a href=\"http:\/\/dx.doi.org\/10.1515\/phw-2013-123\" target=\"_blank\" rel=\"noopener noreferrer\">http:\/\/dx.doi.org\/10.1515\/phw-2013-123<\/a><\/em>.<\/p>\n","protected":false},"excerpt":{"rendered":"<p>http:\/\/public-history-weekly.oldenbourg-verlag.de In den vergangenen Monaten ist ein Format entwickelt worden, das lebendigen, nahezu echtzeitigen wissenschaftlichen Austausch erm\u00f6glicht und das die Rationalit\u00e4tspotentiale der Didaktiken der Geschichte und Politik effektiv \u00f6ffentlich und massenmedial kompatibel sichtbar macht. Als Zielgruppen werden \u00fcber den vorgenannten <a href=\"https:\/\/eindruecke.achmnt.eu\/2013\/10\/4743\/\"> Read more&#8230;<\/a><\/p>\n","protected":false},"author":2,"featured_media":0,"comment_status":"closed","ping_status":"open","sticky":false,"template":"","format":"standard","meta":{"ngg_post_thumbnail":0,"_jetpack_memberships_contains_paid_content":false,"footnotes":"","jetpack_publicize_message":"","jetpack_publicize_feature_enabled":true,"jetpack_social_post_already_shared":true,"jetpack_social_options":{"image_generator_settings":{"template":"highway","enabled":false},"version":2}},"categories":[8],"tags":[872,873,992,2191,2446,2715],"class_list":["post-4743","post","type-post","status-publish","format-standard","hentry","category-ehumanities-elearning","tag-didaktik-der-geschichte","tag-didaktik-der-politik","tag-e-learning","tag-marko-demantowsky","tag-oldenbourg-verlag","tag-public-history-weekly-blog-journal-for-history-and-civics-education"],"jetpack_publicize_connections":[],"jetpack_sharing_enabled":true,"jetpack_featured_media_url":"","_links":{"self":[{"href":"https:\/\/eindruecke.achmnt.eu\/wp-json\/wp\/v2\/posts\/4743"}],"collection":[{"href":"https:\/\/eindruecke.achmnt.eu\/wp-json\/wp\/v2\/posts"}],"about":[{"href":"https:\/\/eindruecke.achmnt.eu\/wp-json\/wp\/v2\/types\/post"}],"author":[{"embeddable":true,"href":"https:\/\/eindruecke.achmnt.eu\/wp-json\/wp\/v2\/users\/2"}],"replies":[{"embeddable":true,"href":"https:\/\/eindruecke.achmnt.eu\/wp-json\/wp\/v2\/comments?post=4743"}],"version-history":[{"count":1,"href":"https:\/\/eindruecke.achmnt.eu\/wp-json\/wp\/v2\/posts\/4743\/revisions"}],"predecessor-version":[{"id":12662,"href":"https:\/\/eindruecke.achmnt.eu\/wp-json\/wp\/v2\/posts\/4743\/revisions\/12662"}],"wp:attachment":[{"href":"https:\/\/eindruecke.achmnt.eu\/wp-json\/wp\/v2\/media?parent=4743"}],"wp:term":[{"taxonomy":"category","embeddable":true,"href":"https:\/\/eindruecke.achmnt.eu\/wp-json\/wp\/v2\/categories?post=4743"},{"taxonomy":"post_tag","embeddable":true,"href":"https:\/\/eindruecke.achmnt.eu\/wp-json\/wp\/v2\/tags?post=4743"}],"curies":[{"name":"wp","href":"https:\/\/api.w.org\/{rel}","templated":true}]}}