{"id":3996,"date":"2013-03-25T00:44:02","date_gmt":"2013-03-24T22:44:02","guid":{"rendered":"http:\/\/www.einsichten-online.de\/?p=3996"},"modified":"2022-07-08T20:45:17","modified_gmt":"2022-07-08T18:45:17","slug":"wenn-presse-zur-zensur-greift-faz-mahnt-klaus-graf-ab","status":"publish","type":"post","link":"https:\/\/eindruecke.achmnt.eu\/2013\/03\/3996\/","title":{"rendered":"Wenn Presse zur Zensur greift: FAZ mahnt Klaus Graf ab"},"content":{"rendered":"<p><a href=\"http:\/\/archiv.twoday.net\/stories\/326207397\/\" target=\"_blank\" rel=\"noopener noreferrer\"><strong>http:\/\/archiv.twoday.net\/stories\/326207397<\/strong><\/a><\/p>\n<p>In v\u00f6lliger Unkenntnis der Meinungsbildungsprozesse in der digitalen Welt (Stichwort Streisand Effekt) mahnte die Frankfurter Allgemeine Zeitung den ausgewiesenen Blogger Klaus Graf ab. Wie ein bislang unbekanntes Ger\u00fccht zu trauriger Ber\u00fchmtheit kommt und wie manchenorts eine ge\u00e4u\u00dferte und zudem missverstandene Vermutung einer gleichgeschlechtlichen Lebenspartnerschaft auch im 21. Jahrhundert noch als strafw\u00fcrdige \u00fcble Nachrede erachtet wird. Klaus Grafs offener Brief an die Herausgeber der Frankfurter Allgemeinen Zeitung zeichnet die Ereignisse nach.<\/p>\n","protected":false},"excerpt":{"rendered":"<p>http:\/\/archiv.twoday.net\/stories\/326207397 In v\u00f6lliger Unkenntnis der Meinungsbildungsprozesse in der digitalen Welt (Stichwort Streisand Effekt) mahnte die Frankfurter Allgemeine Zeitung den ausgewiesenen Blogger Klaus Graf ab. Wie ein bislang unbekanntes Ger\u00fccht zu trauriger Ber\u00fchmtheit kommt und wie manchenorts eine ge\u00e4u\u00dferte und zudem <a href=\"https:\/\/eindruecke.achmnt.eu\/2013\/03\/3996\/\"> Read more&#8230;<\/a><\/p>\n","protected":false},"author":2,"featured_media":0,"comment_status":"closed","ping_status":"open","sticky":false,"template":"","format":"standard","meta":{"ngg_post_thumbnail":0,"_jetpack_memberships_contains_paid_content":false,"footnotes":"","jetpack_publicize_message":"","jetpack_publicize_feature_enabled":true,"jetpack_social_post_already_shared":false,"jetpack_social_options":{"image_generator_settings":{"template":"highway","enabled":false},"version":2}},"categories":[6506,11],"tags":[144,1172,1689,1902],"class_list":["post-3996","post","type-post","status-publish","format-standard","hentry","category-informationsmanagement","category-informationsgesellschaft","tag-abmahnungen","tag-faz","tag-informationsgesellschaft","tag-klaus-graf"],"jetpack_publicize_connections":[],"jetpack_sharing_enabled":true,"jetpack_featured_media_url":"","_links":{"self":[{"href":"https:\/\/eindruecke.achmnt.eu\/wp-json\/wp\/v2\/posts\/3996"}],"collection":[{"href":"https:\/\/eindruecke.achmnt.eu\/wp-json\/wp\/v2\/posts"}],"about":[{"href":"https:\/\/eindruecke.achmnt.eu\/wp-json\/wp\/v2\/types\/post"}],"author":[{"embeddable":true,"href":"https:\/\/eindruecke.achmnt.eu\/wp-json\/wp\/v2\/users\/2"}],"replies":[{"embeddable":true,"href":"https:\/\/eindruecke.achmnt.eu\/wp-json\/wp\/v2\/comments?post=3996"}],"version-history":[{"count":1,"href":"https:\/\/eindruecke.achmnt.eu\/wp-json\/wp\/v2\/posts\/3996\/revisions"}],"predecessor-version":[{"id":12915,"href":"https:\/\/eindruecke.achmnt.eu\/wp-json\/wp\/v2\/posts\/3996\/revisions\/12915"}],"wp:attachment":[{"href":"https:\/\/eindruecke.achmnt.eu\/wp-json\/wp\/v2\/media?parent=3996"}],"wp:term":[{"taxonomy":"category","embeddable":true,"href":"https:\/\/eindruecke.achmnt.eu\/wp-json\/wp\/v2\/categories?post=3996"},{"taxonomy":"post_tag","embeddable":true,"href":"https:\/\/eindruecke.achmnt.eu\/wp-json\/wp\/v2\/tags?post=3996"}],"curies":[{"name":"wp","href":"https:\/\/api.w.org\/{rel}","templated":true}]}}