{"id":3678,"date":"2013-03-18T02:41:09","date_gmt":"2013-03-18T01:41:09","guid":{"rendered":"http:\/\/www.aussichten-online.net\/?p=3678"},"modified":"2020-06-07T00:40:25","modified_gmt":"2020-06-06T22:40:25","slug":"umsichten-regionalisierung-von-geschichte-nun-mit-eigener-domain-umsichten-online-de","status":"publish","type":"post","link":"https:\/\/eindruecke.achmnt.eu\/2013\/03\/3678\/","title":{"rendered":"umsichten. Regionalisierung von Geschichte \u2013 die Orts\u00adgeschichte Oberschlei\u00dfheims, der Nach\u00adbar\u00adstadt Unter\u00adschlei\u00dfheim sowie der n\u00e4heren Umgebung im Internet"},"content":{"rendered":"<p><em>sliusica specialia Nr. 0 [18.03.2013]<\/em><\/p>\n<p><img decoding=\"async\" src=\"https:\/\/eindruecke.achmnt.eu\/wp-content\/uploads\/2013\/03\/umsichten_logo.jpg\" alt=\"\" \/><br \/>\n<strong><a style=\"font-size: 10pt;\" href=\"http:\/\/www.aussichten-online.net\/category\/oberschleissheim\/\">\u203a\u203a\u203a Zu den Beitr\u00e4gen von umsichten. Regionalisierung von Geschichte<\/a><\/strong><\/p>\n<p>Mit Regionalgeschichte betreten wir eine geschichtswissenschaft\u00adliche Teildisziplin, welche sich Regionen und lokalen Einheiten wid\u00admet. Hierbei m\u00f6chte man mei\u00adnen, dass ohne die Arbeit in Archiven nur wenig zu Tage zu f\u00f6rdern ist. Hieran m\u00f6chte umsichten ankn\u00fc\u00adpfen und im Internet verf\u00fcgbare historisch relevante Informationen zu Oberschlei\u00dfheim und der n\u00e4heren Umgebung gesammelt zur Verf\u00fcgung stellen. Im digitalen Zeitalter elektronischer Publikationen und digitalisierter Quellen sind hier einige Sch\u00e4tze zu heben.<\/p>\n<p>Die Beitr\u00e4ge zur Geschichte Ober- und Unterschlei\u00dfheims, welche stets mit dem Pr\u00e4fix <em>umsichten<\/em> ausgezeichnet wurden, sind nun unter einer eigenen Domain verf\u00fcgbar. Die Rubrik wird weiterhin einen Teil von <em>aussichten. Perspektivierung von Geschichte<\/em> bilden, wobei die Adresse <em>umsichten-online.de<\/em> die inhaltiche Eigenst\u00e4ndigkeit betonen soll.<\/p>\n<p>Oberschlei\u00dfheim im M\u00e4rz 2013<br \/>\nAndreas C. Hofmann<\/p>\n<p><span style=\"color: #e0a61e;\"><b>ISSN 2197-778X<\/b><\/span><\/p>\n<p><span style=\"color: #CCC;\"><small>searchid: osh-archive-2013-page-2<\/small><\/span><\/p>\n","protected":false},"excerpt":{"rendered":"<p>sliusica specialia Nr. 0 [18.03.2013] \u203a\u203a\u203a Zu den Beitr\u00e4gen von umsichten. Regionalisierung von Geschichte Mit Regionalgeschichte betreten wir eine geschichtswissenschaft\u00adliche Teildisziplin, welche sich Regionen und lokalen Einheiten wid\u00admet. Hierbei m\u00f6chte man mei\u00adnen, dass ohne die Arbeit in Archiven nur wenig <a href=\"https:\/\/eindruecke.achmnt.eu\/2013\/03\/3678\/\"> Read more&#8230;<\/a><\/p>\n","protected":false},"author":2,"featured_media":0,"comment_status":"closed","ping_status":"closed","sticky":false,"template":"","format":"standard","meta":{"ngg_post_thumbnail":0,"_jetpack_memberships_contains_paid_content":false,"footnotes":"","jetpack_publicize_message":"","jetpack_publicize_feature_enabled":true,"jetpack_social_post_already_shared":false,"jetpack_social_options":{"image_generator_settings":{"template":"highway","enabled":false},"version":2}},"categories":[3869,3857],"tags":[6381,2432,3374,3464],"class_list":["post-3678","post","type-post","status-publish","format-standard","hentry","category-sliusica-specialia","category-schleissheim-net","tag-kulturortschaftsgeschichte","tag-oberschleisheim","tag-umsichten","tag-unterschleisheim"],"jetpack_publicize_connections":[],"jetpack_sharing_enabled":true,"jetpack_featured_media_url":"","_links":{"self":[{"href":"https:\/\/eindruecke.achmnt.eu\/wp-json\/wp\/v2\/posts\/3678"}],"collection":[{"href":"https:\/\/eindruecke.achmnt.eu\/wp-json\/wp\/v2\/posts"}],"about":[{"href":"https:\/\/eindruecke.achmnt.eu\/wp-json\/wp\/v2\/types\/post"}],"author":[{"embeddable":true,"href":"https:\/\/eindruecke.achmnt.eu\/wp-json\/wp\/v2\/users\/2"}],"replies":[{"embeddable":true,"href":"https:\/\/eindruecke.achmnt.eu\/wp-json\/wp\/v2\/comments?post=3678"}],"version-history":[{"count":1,"href":"https:\/\/eindruecke.achmnt.eu\/wp-json\/wp\/v2\/posts\/3678\/revisions"}],"predecessor-version":[{"id":12920,"href":"https:\/\/eindruecke.achmnt.eu\/wp-json\/wp\/v2\/posts\/3678\/revisions\/12920"}],"wp:attachment":[{"href":"https:\/\/eindruecke.achmnt.eu\/wp-json\/wp\/v2\/media?parent=3678"}],"wp:term":[{"taxonomy":"category","embeddable":true,"href":"https:\/\/eindruecke.achmnt.eu\/wp-json\/wp\/v2\/categories?post=3678"},{"taxonomy":"post_tag","embeddable":true,"href":"https:\/\/eindruecke.achmnt.eu\/wp-json\/wp\/v2\/tags?post=3678"}],"curies":[{"name":"wp","href":"https:\/\/api.w.org\/{rel}","templated":true}]}}