{"id":2908,"date":"2012-06-14T22:56:20","date_gmt":"2012-06-14T20:56:20","guid":{"rendered":"http:\/\/www.einsichten-online.de\/?p=2908"},"modified":"2020-08-23T23:21:58","modified_gmt":"2020-08-23T21:21:58","slug":"strfeg-stiftung-reichspraesident-friedrich-ebert-gedenkstaette","status":"publish","type":"post","link":"https:\/\/eindruecke.achmnt.eu\/2012\/06\/2908\/","title":{"rendered":"#strfeg Stiftung Reichspr\u00e4sident-Friedrich-Ebert-Gedenkst\u00e4tte"},"content":{"rendered":"<p>Fortan berichtet die Rubrik\u00a0\u00bbFriedrich-Ebert-Stiftung\u00ab auch \u00fcber die T\u00e4tigkeiten der bundesunmittelbaren &#8222;Stiftung Reichspr\u00e4sident-Friedrich-Ebert-Gedenkst\u00e4tte&#8220; (<a href=\"http:\/\/www.ebert-gedenkstaette.de\/\" target=\"_blank\" rel=\"noopener noreferrer\">http:\/\/www.ebert-gedenkstaette.de<\/a>), welche das Andenken an Friedrich Ebert als erstes demokratisches Staatsoberhaupt in der deutschen Geschichte wahren und dar\u00fcber hinaus einen Beitrag zum Verst\u00e4ndnis der deutschen Geschichte seiner Zeit leisten will. Auch wenn kein organisatorischer Zusammenhang zur SPD-nahen Friedrich-Ebert-Stiftung besteht, erg\u00e4nzt sich die historische Arbeit beider Institutionen.<\/p>\n","protected":false},"excerpt":{"rendered":"<p>Fortan berichtet die Rubrik\u00a0\u00bbFriedrich-Ebert-Stiftung\u00ab auch \u00fcber die T\u00e4tigkeiten der bundesunmittelbaren &#8222;Stiftung Reichspr\u00e4sident-Friedrich-Ebert-Gedenkst\u00e4tte&#8220; (http:\/\/www.ebert-gedenkstaette.de), welche das Andenken an Friedrich Ebert als erstes demokratisches Staatsoberhaupt in der deutschen Geschichte wahren und dar\u00fcber hinaus einen Beitrag zum Verst\u00e4ndnis der deutschen Geschichte seiner Zeit <a href=\"https:\/\/eindruecke.achmnt.eu\/2012\/06\/2908\/\"> Read more&#8230;<\/a><\/p>\n","protected":false},"author":2,"featured_media":0,"comment_status":"closed","ping_status":"closed","sticky":false,"template":"","format":"standard","meta":{"ngg_post_thumbnail":0,"_jetpack_memberships_contains_paid_content":false,"footnotes":"","jetpack_publicize_message":"","jetpack_publicize_feature_enabled":true,"jetpack_social_post_already_shared":false,"jetpack_social_options":{"image_generator_settings":{"template":"highway","enabled":false},"version":2}},"categories":[9],"tags":[1281,3144,3644],"class_list":["post-2908","post","type-post","status-publish","format-standard","hentry","category-fes","tag-friedrich-ebert","tag-stiftung-reichsprasident-friedrich-ebert-gedenkstatte","tag-weimarer-republik"],"jetpack_publicize_connections":[],"jetpack_sharing_enabled":true,"jetpack_featured_media_url":"","_links":{"self":[{"href":"https:\/\/eindruecke.achmnt.eu\/wp-json\/wp\/v2\/posts\/2908"}],"collection":[{"href":"https:\/\/eindruecke.achmnt.eu\/wp-json\/wp\/v2\/posts"}],"about":[{"href":"https:\/\/eindruecke.achmnt.eu\/wp-json\/wp\/v2\/types\/post"}],"author":[{"embeddable":true,"href":"https:\/\/eindruecke.achmnt.eu\/wp-json\/wp\/v2\/users\/2"}],"replies":[{"embeddable":true,"href":"https:\/\/eindruecke.achmnt.eu\/wp-json\/wp\/v2\/comments?post=2908"}],"version-history":[{"count":4,"href":"https:\/\/eindruecke.achmnt.eu\/wp-json\/wp\/v2\/posts\/2908\/revisions"}],"predecessor-version":[{"id":14175,"href":"https:\/\/eindruecke.achmnt.eu\/wp-json\/wp\/v2\/posts\/2908\/revisions\/14175"}],"wp:attachment":[{"href":"https:\/\/eindruecke.achmnt.eu\/wp-json\/wp\/v2\/media?parent=2908"}],"wp:term":[{"taxonomy":"category","embeddable":true,"href":"https:\/\/eindruecke.achmnt.eu\/wp-json\/wp\/v2\/categories?post=2908"},{"taxonomy":"post_tag","embeddable":true,"href":"https:\/\/eindruecke.achmnt.eu\/wp-json\/wp\/v2\/tags?post=2908"}],"curies":[{"name":"wp","href":"https:\/\/api.w.org\/{rel}","templated":true}]}}