{"id":2522,"date":"2012-03-09T15:14:55","date_gmt":"2012-03-09T14:14:55","guid":{"rendered":"http:\/\/www.einsichten-online.de\/?p=2522"},"modified":"2020-03-30T23:31:29","modified_gmt":"2020-03-30T21:31:29","slug":"fes-sozialdemokratische-parteitage-1890-1959-protokolle-uber-die-verhandlungen-der-parteitage-der-sozialdemokratischen-partei-deutschlands","status":"publish","type":"post","link":"https:\/\/eindruecke.achmnt.eu\/2012\/03\/2522\/","title":{"rendered":"#fes Sozialdemokratische Parteitage (1890-1959). Protokolle \u00fcber die Verhandlungen der Parteitage der Sozialdemokratischen Partei Deutschlands"},"content":{"rendered":"<p><strong><a href=\"http:\/\/library.fes.de\/parteitage\" target=\"_blank\" rel=\"noopener noreferrer\">http:\/\/library.fes.de\/parteitage<\/a><\/strong><\/p>\n<p>Eine Internetedition von Parteitagsprotokollen einer demokratischen Massenpartei bedarf keiner Begr\u00fcndung. Parteitage verabschieden die zentralen programmatischen Dokumente der Partei, w\u00e4hlen die leitenden Gremien und stellen mit den verabschiedeten Resolutionen die Weichen f\u00fcr ihre politische Orientierung. F\u00fcr die SPD kommt noch hinzu, dass seit ihrem Bestehen die Diskussionen auf den Parteitagen die breiten pluralistischen Fl\u00fcgelbildungen dokumentieren. Im Rahmen des von der Deutschen Forschungsgemeinschaft gef\u00f6rderten Digitalisierungsprojekt ,,Programmatische Dokumente und Statuten der deutschen Gewerkschaftsbewegung und der SPD (<a href=\"http:\/\/library.fes.de\/cgi-bin\/populo\/prodok.pl\">http:\/\/library.fes.de\/cgi-bin\/populo\/prodok.pl<\/a>) kristallisierte sich in der Bibliothek der FES die Idee heraus, die digitalisierten sozialdemokratischen Parteitagsprotokolle als wichtige programmatische Grundsatzpublikationen dem Projekt mit eigenen finanziellen Mitteln hinzuzuf\u00fcgen.<\/p>\n","protected":false},"excerpt":{"rendered":"<p>http:\/\/library.fes.de\/parteitage Eine Internetedition von Parteitagsprotokollen einer demokratischen Massenpartei bedarf keiner Begr\u00fcndung. Parteitage verabschieden die zentralen programmatischen Dokumente der Partei, w\u00e4hlen die leitenden Gremien und stellen mit den verabschiedeten Resolutionen die Weichen f\u00fcr ihre politische Orientierung. F\u00fcr die SPD kommt noch <a href=\"https:\/\/eindruecke.achmnt.eu\/2012\/03\/2522\/\"> Read more&#8230;<\/a><\/p>\n","protected":false},"author":2,"featured_media":0,"comment_status":"closed","ping_status":"open","sticky":false,"template":"","format":"standard","meta":{"ngg_post_thumbnail":0,"_jetpack_memberships_contains_paid_content":false,"footnotes":"","jetpack_publicize_message":"","jetpack_publicize_feature_enabled":true,"jetpack_social_post_already_shared":false,"jetpack_social_options":{"image_generator_settings":{"template":"highway","enabled":false},"version":2}},"categories":[9],"tags":[916,1290,2531,2532,2703,3035],"class_list":["post-2522","post","type-post","status-publish","format-standard","hentry","category-fes","tag-digitalisierung","tag-friedrich-ebert-stiftung","tag-parteiengeschichte","tag-parteitage","tag-protokolle","tag-sozialdemokratie"],"jetpack_publicize_connections":[],"jetpack_sharing_enabled":true,"jetpack_featured_media_url":"","_links":{"self":[{"href":"https:\/\/eindruecke.achmnt.eu\/wp-json\/wp\/v2\/posts\/2522"}],"collection":[{"href":"https:\/\/eindruecke.achmnt.eu\/wp-json\/wp\/v2\/posts"}],"about":[{"href":"https:\/\/eindruecke.achmnt.eu\/wp-json\/wp\/v2\/types\/post"}],"author":[{"embeddable":true,"href":"https:\/\/eindruecke.achmnt.eu\/wp-json\/wp\/v2\/users\/2"}],"replies":[{"embeddable":true,"href":"https:\/\/eindruecke.achmnt.eu\/wp-json\/wp\/v2\/comments?post=2522"}],"version-history":[{"count":1,"href":"https:\/\/eindruecke.achmnt.eu\/wp-json\/wp\/v2\/posts\/2522\/revisions"}],"predecessor-version":[{"id":13265,"href":"https:\/\/eindruecke.achmnt.eu\/wp-json\/wp\/v2\/posts\/2522\/revisions\/13265"}],"wp:attachment":[{"href":"https:\/\/eindruecke.achmnt.eu\/wp-json\/wp\/v2\/media?parent=2522"}],"wp:term":[{"taxonomy":"category","embeddable":true,"href":"https:\/\/eindruecke.achmnt.eu\/wp-json\/wp\/v2\/categories?post=2522"},{"taxonomy":"post_tag","embeddable":true,"href":"https:\/\/eindruecke.achmnt.eu\/wp-json\/wp\/v2\/tags?post=2522"}],"curies":[{"name":"wp","href":"https:\/\/api.w.org\/{rel}","templated":true}]}}