{"id":2517,"date":"2012-01-19T22:45:40","date_gmt":"2012-01-19T21:45:40","guid":{"rendered":"http:\/\/www.aussichten-online.net\/?p=2517"},"modified":"2020-03-30T23:31:32","modified_gmt":"2020-03-30T21:31:32","slug":"grundung-der-nationalen-volksarmee","status":"publish","type":"post","link":"https:\/\/eindruecke.achmnt.eu\/2012\/01\/2517\/","title":{"rendered":"r\u00fccksichten: Gr\u00fcndung der Nationalen Volksarmee"},"content":{"rendered":"<p><a href=\"http:\/\/www.faz.net\/-1yv-6rrr5\" target=\"_blank\" rel=\"noopener noreferrer\"><strong>http:\/\/www.faz.net\/-1yv-6rrr5<\/strong><\/a><\/p>\n<p>Wenige Monate nach der Vereidigung der ersten Freiwilligen der Bundeswehr wird am 18. Januar 1956 in der DDR die Nationale Volksarmee gegr\u00fcndet. Kurzvideo des Multimedia-Portals der FAZ, welches allerdings ausdf\u00fchrlicher h\u00e4tte ausfallen k\u00f6nnen.<\/p>\n<p><em>Via <a href=\"http:\/\/www.nfhdata.de\/2012\/01\/18\/18-januar-1956-grundung-der-nationalen-volksarmee\/\" target=\"_blank\" rel=\"noopener noreferrer\">NFH-Nachrichtendienst f\u00fcr Historiker<\/a> [18.01.2012]<\/em><\/p>\n","protected":false},"excerpt":{"rendered":"<p>http:\/\/www.faz.net\/-1yv-6rrr5 Wenige Monate nach der Vereidigung der ersten Freiwilligen der Bundeswehr wird am 18. Januar 1956 in der DDR die Nationale Volksarmee gegr\u00fcndet. Kurzvideo des Multimedia-Portals der FAZ, welches allerdings ausdf\u00fchrlicher h\u00e4tte ausfallen k\u00f6nnen. Via NFH-Nachrichtendienst f\u00fcr Historiker [18.01.2012]<\/p>\n","protected":false},"author":2,"featured_media":0,"comment_status":"closed","ping_status":"open","sticky":false,"template":"","format":"standard","meta":{"ngg_post_thumbnail":0,"_jetpack_memberships_contains_paid_content":false,"footnotes":"","jetpack_publicize_message":"","jetpack_publicize_feature_enabled":true,"jetpack_social_post_already_shared":false,"jetpack_social_options":{"image_generator_settings":{"template":"highway","enabled":false},"version":2}},"categories":[3851],"tags":[783,2277,5493,2869,6205],"class_list":["post-2517","post","type-post","status-publish","format-standard","hentry","category-novum-ach","tag-ddr","tag-militargeschichte","tag-nationale-volksarmee","tag-ruckblicke","tag-videos"],"jetpack_publicize_connections":[],"jetpack_sharing_enabled":true,"jetpack_featured_media_url":"","_links":{"self":[{"href":"https:\/\/eindruecke.achmnt.eu\/wp-json\/wp\/v2\/posts\/2517"}],"collection":[{"href":"https:\/\/eindruecke.achmnt.eu\/wp-json\/wp\/v2\/posts"}],"about":[{"href":"https:\/\/eindruecke.achmnt.eu\/wp-json\/wp\/v2\/types\/post"}],"author":[{"embeddable":true,"href":"https:\/\/eindruecke.achmnt.eu\/wp-json\/wp\/v2\/users\/2"}],"replies":[{"embeddable":true,"href":"https:\/\/eindruecke.achmnt.eu\/wp-json\/wp\/v2\/comments?post=2517"}],"version-history":[{"count":1,"href":"https:\/\/eindruecke.achmnt.eu\/wp-json\/wp\/v2\/posts\/2517\/revisions"}],"predecessor-version":[{"id":13295,"href":"https:\/\/eindruecke.achmnt.eu\/wp-json\/wp\/v2\/posts\/2517\/revisions\/13295"}],"wp:attachment":[{"href":"https:\/\/eindruecke.achmnt.eu\/wp-json\/wp\/v2\/media?parent=2517"}],"wp:term":[{"taxonomy":"category","embeddable":true,"href":"https:\/\/eindruecke.achmnt.eu\/wp-json\/wp\/v2\/categories?post=2517"},{"taxonomy":"post_tag","embeddable":true,"href":"https:\/\/eindruecke.achmnt.eu\/wp-json\/wp\/v2\/tags?post=2517"}],"curies":[{"name":"wp","href":"https:\/\/api.w.org\/{rel}","templated":true}]}}