{"id":2516,"date":"2012-02-29T23:59:28","date_gmt":"2012-02-29T21:59:28","guid":{"rendered":"http:\/\/www.einsichten-online.de\/?p=2516"},"modified":"2020-03-30T23:31:30","modified_gmt":"2020-03-30T21:31:30","slug":"aussichten-nr-22-31-01-2012-neue-eintrage-bei-aussichten-online-net-digest-01-02-2012-29-02-2012","status":"publish","type":"post","link":"https:\/\/eindruecke.achmnt.eu\/2012\/02\/2516\/","title":{"rendered":"aussichten Nr. 22 [29.02.2012]: Neue Eintr\u00e4ge bei aussichten-online.net; Digest 01.02.2012-29.02.2012"},"content":{"rendered":"<p><tt>Dokumentation zu den Bundesversammlungen der Bundesrepublik Deutschland<br \/>\n<a href=\"http:\/\/www.aussichten-online.net\/2012\/02\/2532\/\" target=\"_blank\" rel=\"noopener noreferrer\">http:\/\/www.aussichten-online.net\/2012\/02\/2532\/<\/a><\/tt><\/p>\n<p>http:\/\/www.bundestag.de\/bundestag\/aufgaben\/weitereaufgaben\/ bundesversammlung\/dokumentation.pdf Auf den Seiten des Deutschen Bundestages steht eine Dokumentation der Bundesversammlungen der BRD zur Verf\u00fcgung. sie enth\u00e4lt die Rechtsgrundlagen, Einzelbiographien der Bundespr\u00e4sidenten, \u00dcbersichten zur Zusammensetzung der Bundesversammlungen sowie deren Protokolle.<\/p>\n<p>&#8230;&#8230;&#8230;&#8230;&#8230;&#8230;&#8230;&#8230;&#8230;&#8230;&#8230;&#8230;&#8230;&#8230;&#8230;&#8230;..<\/p>\n<p>REVOPO \u203a Zeitleiste \u203a 1840 bis 1848<br \/>\n<a href=\"http:\/\/www.aussichten-online.net\/2012\/02\/2538\/\" target=\"_blank\" rel=\"noopener noreferrer\">http:\/\/www.aussichten-online.net\/2012\/02\/2538\/<\/a><\/p>\n<p>Zeitleiste 1840 bis 1848 1840 Juni 6. Thronwechsel in Preu\u00dfen: Friedrich Wilhelm IV. Juli 15. 1. Londoner Konvention; Regelung der Orientalischen Krise Kriegsstimmung in Frankreich und Deutschland (Rheinkrise) 1841 Okt. 12. Oktroyierte Verfassung in Luxemburg Jun. 24. August Borsig liefert die erste Lokomotive aus. F. List: Das nationale System der politischen \u00d6konomie 1842 Jan. 1. Gr\u00fcndung der liberalen Rheinischen Zeitung Okt. 15. Karl Marx \u00fcbernimmt die Redaktionsleitung der Rheinischen Zeitung 1843 Sept. 3. Staatsstreich &#8230;<\/p>\n<p>&#8230;&#8230;&#8230;&#8230;&#8230;&#8230;&#8230;&#8230;&#8230;&#8230;&#8230;&#8230;&#8230;&#8230;&#8230;&#8230;..<\/p>\n<p>Karl-Joseph Hummel: M\u00fcnchen in der Revolution von 1848\/49. G\u00f6ttingen 1987<br \/>\n<a href=\"http:\/\/www.aussichten-online.net\/2012\/02\/2542\/\" target=\"_blank\" rel=\"noopener noreferrer\">http:\/\/www.aussichten-online.net\/2012\/02\/2542\/<\/a><\/p>\n<p>http:\/\/digi20.digitale-sammlungen.de\/de\/fs1\/object\/display\/bsb00049335_00001.html In seiner an der LMU M\u00fcnchen angenommenen Disseration skizziert der Autor auf der Grundlage eines breiten und fundierten Quellenstudiums den Verlauf der Revolution von 1848\/49 in M\u00fcnchen und geht hierbei insbesondere auf die sozialen und wirtschaftlichen Hintergr\u00fcnde der M\u00fcnchener Stadtgeschichte zu dieser Zeit ein.<\/p>\n<p>&#8230;&#8230;&#8230;&#8230;&#8230;&#8230;&#8230;&#8230;&#8230;&#8230;&#8230;&#8230;&#8230;&#8230;&#8230;&#8230;..<\/p>\n<p>Manfred G. Schmidt: Sozialpolitik in Deutschland. Historische Entwicklung und internationaler Vergleich. Opladen 1998<br \/>\n<a href=\"http:\/\/www.aussichten-online.net\/2012\/02\/2549\/\" target=\"_blank\" rel=\"noopener noreferrer\">http:\/\/www.aussichten-online.net\/2012\/02\/2549\/<\/a><\/p>\n<p>http:\/\/www.leibniz-publik.de\/de\/fs1\/object\/display\/bsb00054799_00001.html Das \u00dcberblickswerk des Heidelberger Politikwissenschaftlers Manfred G. Schmidt betrachtet die deutsche Sozialpolitik, wie sie sich seit dem Kaiserreich entwickelt hatte. Er res\u00fcmiert hierbei auch Strukturelemente Deutscher Sozialpolitik seit den 1880er Jahren, stellt schlie\u00dflich einen internationalen Vergleich an und nimmt abschlie\u00dfend auch Elemente inter- und supranationaler Sozialpolitik in den Blick .<\/p>\n<p>&#8230;&#8230;&#8230;&#8230;&#8230;&#8230;&#8230;&#8230;&#8230;&#8230;&#8230;&#8230;&#8230;&#8230;&#8230;&#8230;..<\/p>\n<p>Weitere Eintr\u00e4ge finden Sie unter <a href=\"http:\/\/www.aussichten-online.net\/date\/2012\/02\/\" target=\"_blank\" rel=\"noopener noreferrer\">http:\/\/www.aussichten-online.net\/date\/2012\/02\/<\/a><\/p>\n","protected":false},"excerpt":{"rendered":"<p>Dokumentation zu den Bundesversammlungen der Bundesrepublik Deutschland http:\/\/www.aussichten-online.net\/2012\/02\/2532\/ http:\/\/www.bundestag.de\/bundestag\/aufgaben\/weitereaufgaben\/ bundesversammlung\/dokumentation.pdf Auf den Seiten des Deutschen Bundestages steht eine Dokumentation der Bundesversammlungen der BRD zur Verf\u00fcgung. sie enth\u00e4lt die Rechtsgrundlagen, Einzelbiographien der Bundespr\u00e4sidenten, \u00dcbersichten zur Zusammensetzung der Bundesversammlungen sowie deren Protokolle. <a href=\"https:\/\/eindruecke.achmnt.eu\/2012\/02\/2516\/\"> Read more&#8230;<\/a><\/p>\n","protected":false},"author":2,"featured_media":0,"comment_status":"closed","ping_status":"open","sticky":false,"template":"","format":"standard","meta":{"ngg_post_thumbnail":0,"_jetpack_memberships_contains_paid_content":false,"footnotes":"","jetpack_publicize_message":"","jetpack_publicize_feature_enabled":true,"jetpack_social_post_already_shared":false,"jetpack_social_options":{"image_generator_settings":{"template":"highway","enabled":false},"version":2}},"categories":[5],"tags":[47,387,614,1858,2170,2330,2820,2826,3055],"class_list":["post-2516","post","type-post","status-publish","format-standard","hentry","category-aussichten","tag-47","tag-aussichten","tag-bundesversammlung","tag-karl-joseph-hummel","tag-manfred-g-schmidt","tag-munchen","tag-restauration-und-vormarz","tag-revolution","tag-sozialpolitik"],"jetpack_publicize_connections":[],"jetpack_sharing_enabled":true,"jetpack_featured_media_url":"","_links":{"self":[{"href":"https:\/\/eindruecke.achmnt.eu\/wp-json\/wp\/v2\/posts\/2516"}],"collection":[{"href":"https:\/\/eindruecke.achmnt.eu\/wp-json\/wp\/v2\/posts"}],"about":[{"href":"https:\/\/eindruecke.achmnt.eu\/wp-json\/wp\/v2\/types\/post"}],"author":[{"embeddable":true,"href":"https:\/\/eindruecke.achmnt.eu\/wp-json\/wp\/v2\/users\/2"}],"replies":[{"embeddable":true,"href":"https:\/\/eindruecke.achmnt.eu\/wp-json\/wp\/v2\/comments?post=2516"}],"version-history":[{"count":1,"href":"https:\/\/eindruecke.achmnt.eu\/wp-json\/wp\/v2\/posts\/2516\/revisions"}],"predecessor-version":[{"id":13268,"href":"https:\/\/eindruecke.achmnt.eu\/wp-json\/wp\/v2\/posts\/2516\/revisions\/13268"}],"wp:attachment":[{"href":"https:\/\/eindruecke.achmnt.eu\/wp-json\/wp\/v2\/media?parent=2516"}],"wp:term":[{"taxonomy":"category","embeddable":true,"href":"https:\/\/eindruecke.achmnt.eu\/wp-json\/wp\/v2\/categories?post=2516"},{"taxonomy":"post_tag","embeddable":true,"href":"https:\/\/eindruecke.achmnt.eu\/wp-json\/wp\/v2\/tags?post=2516"}],"curies":[{"name":"wp","href":"https:\/\/api.w.org\/{rel}","templated":true}]}}