{"id":2093,"date":"2011-11-19T01:00:51","date_gmt":"2011-11-18T23:00:51","guid":{"rendered":"http:\/\/www.einsichten-online.de\/?p=2093"},"modified":"2022-07-08T20:45:17","modified_gmt":"2022-07-08T18:45:17","slug":"wbs-law-de-haftung-von-seitenbetreibern-fur-urheberrechtsverletzungen-abmahnung-wegen-karl-valentin-zitaten","status":"publish","type":"post","link":"https:\/\/eindruecke.achmnt.eu\/2011\/11\/2093\/","title":{"rendered":"wbs-law.de: Haftung von Seitenbetreibern f\u00fcr Urheberrechtsverletzungen &#8211; Abmahnung wegen Karl-Valentin-Zitaten"},"content":{"rendered":"<p><a href=\"https:\/\/youtu.be\/ZJSKYSXJw2c\" target=\"_blank\" rel=\"noopener noreferrer\"><strong>https:\/\/youtu.be\/ZJSKYSXJw2c<\/strong><\/a><\/p>\n<p>Ist der Betreiber einer Seite f\u00fcr Urheberrechtsverletzungen von Inhalten haftbar, welche Nutzer auf seine Seite einstellen? Kann eine solche Haftung umgangen werden oder steht man als Betreiber von Blogs, Foren etc. mit einem Fu\u00df im Gef\u00e4ngnis? Sehen Sie hierzu den Video-Podcast von Christian Solmecke zu einem Urteil des LG M\u00fcnchen I; im vorliegenden Fall wegen Karl-Valentin-Zitaten.<\/p>\n","protected":false},"excerpt":{"rendered":"<p>https:\/\/youtu.be\/ZJSKYSXJw2c Ist der Betreiber einer Seite f\u00fcr Urheberrechtsverletzungen von Inhalten haftbar, welche Nutzer auf seine Seite einstellen? Kann eine solche Haftung umgangen werden oder steht man als Betreiber von Blogs, Foren etc. mit einem Fu\u00df im Gef\u00e4ngnis? Sehen Sie hierzu <a href=\"https:\/\/eindruecke.achmnt.eu\/2011\/11\/2093\/\"> Read more&#8230;<\/a><\/p>\n","protected":false},"author":2,"featured_media":0,"comment_status":"closed","ping_status":"open","sticky":false,"template":"","format":"standard","meta":{"ngg_post_thumbnail":0,"_jetpack_memberships_contains_paid_content":false,"footnotes":"","jetpack_publicize_message":"","jetpack_publicize_feature_enabled":true,"jetpack_social_post_already_shared":false,"jetpack_social_options":{"image_generator_settings":{"template":"highway","enabled":false},"version":2}},"categories":[6506,11],"tags":[144,1689,1745,1855,2758,3468,3618],"class_list":["post-2093","post","type-post","status-publish","format-standard","hentry","category-informationsmanagement","category-informationsgesellschaft","tag-abmahnungen","tag-informationsgesellschaft","tag-internetrecht","tag-karl-valentin","tag-recht","tag-urheberrecht","tag-wbs-law-de"],"jetpack_publicize_connections":[],"jetpack_sharing_enabled":true,"jetpack_featured_media_url":"","_links":{"self":[{"href":"https:\/\/eindruecke.achmnt.eu\/wp-json\/wp\/v2\/posts\/2093"}],"collection":[{"href":"https:\/\/eindruecke.achmnt.eu\/wp-json\/wp\/v2\/posts"}],"about":[{"href":"https:\/\/eindruecke.achmnt.eu\/wp-json\/wp\/v2\/types\/post"}],"author":[{"embeddable":true,"href":"https:\/\/eindruecke.achmnt.eu\/wp-json\/wp\/v2\/users\/2"}],"replies":[{"embeddable":true,"href":"https:\/\/eindruecke.achmnt.eu\/wp-json\/wp\/v2\/comments?post=2093"}],"version-history":[{"count":1,"href":"https:\/\/eindruecke.achmnt.eu\/wp-json\/wp\/v2\/posts\/2093\/revisions"}],"predecessor-version":[{"id":13355,"href":"https:\/\/eindruecke.achmnt.eu\/wp-json\/wp\/v2\/posts\/2093\/revisions\/13355"}],"wp:attachment":[{"href":"https:\/\/eindruecke.achmnt.eu\/wp-json\/wp\/v2\/media?parent=2093"}],"wp:term":[{"taxonomy":"category","embeddable":true,"href":"https:\/\/eindruecke.achmnt.eu\/wp-json\/wp\/v2\/categories?post=2093"},{"taxonomy":"post_tag","embeddable":true,"href":"https:\/\/eindruecke.achmnt.eu\/wp-json\/wp\/v2\/tags?post=2093"}],"curies":[{"name":"wp","href":"https:\/\/api.w.org\/{rel}","templated":true}]}}