{"id":1832,"date":"2011-08-30T19:24:33","date_gmt":"2011-08-30T17:24:33","guid":{"rendered":"http:\/\/www.einsichten-online.de\/?p=1832"},"modified":"2020-03-30T23:31:54","modified_gmt":"2020-03-30T21:31:54","slug":"aventinus-nova-nr-34-30-08-2011-der-jubilaumshirtenbrief-des-hieronymus-graf-colloredo-fur-das-erzbistum-salzburg-1782-inhalt-und-ziele-im-kontext-der-katholischen-aufklarung","status":"publish","type":"post","link":"https:\/\/eindruecke.achmnt.eu\/2011\/08\/1832\/","title":{"rendered":"aventinus nova Nr. 34 [30.08.2011]: Der Jubil\u00e4umshirtenbrief des Hieronymus Graf Colloredo f\u00fcr das Erzbistum Salzburg 1782 \u2013 Inhalt und Ziele im Kontext der katholischen Aufkl\u00e4rung"},"content":{"rendered":"<p><a href=\"http:\/\/aventinus-online.de\/no_cache\/persistent\/artikel\/9021\/\" target=\"_blank\" rel=\"noopener noreferrer\"><strong>aventinus-online.de\/no_cache\/persistent\/artikel\/9021\/<\/strong><\/a><\/p>\n<p>Als ein Paradebeispiel f\u00fcr die katholische Aufkl\u00e4rung gilt der 1782 von Erzbischof Hieronymus Graf Colloredo f\u00fcr sein Erzbistum Salzburg verfasste Hirtenbrief. Der Hirtenbrief Colloredos soll im Folgenden im Kontext der katholischen Aufkl\u00e4rung gezeigt werden.<\/p>\n","protected":false},"excerpt":{"rendered":"<p>aventinus-online.de\/no_cache\/persistent\/artikel\/9021\/ Als ein Paradebeispiel f\u00fcr die katholische Aufkl\u00e4rung gilt der 1782 von Erzbischof Hieronymus Graf Colloredo f\u00fcr sein Erzbistum Salzburg verfasste Hirtenbrief. Der Hirtenbrief Colloredos soll im Folgenden im Kontext der katholischen Aufkl\u00e4rung gezeigt werden.<\/p>\n","protected":false},"author":2,"featured_media":0,"comment_status":"closed","ping_status":"open","sticky":false,"template":"","format":"standard","meta":{"ngg_post_thumbnail":0,"_jetpack_memberships_contains_paid_content":false,"footnotes":"","jetpack_publicize_message":"","jetpack_publicize_feature_enabled":true,"jetpack_social_post_already_shared":false,"jetpack_social_options":{"image_generator_settings":{"template":"highway","enabled":false},"version":2}},"categories":[6],"tags":[366,403,1294,2898],"class_list":["post-1832","post","type-post","status-publish","format-standard","hentry","category-aventinus","tag-aufklarung","tag-aventinus","tag-fruhe-neuzeit","tag-salzburg"],"jetpack_publicize_connections":[],"jetpack_sharing_enabled":true,"jetpack_featured_media_url":"","_links":{"self":[{"href":"https:\/\/eindruecke.achmnt.eu\/wp-json\/wp\/v2\/posts\/1832"}],"collection":[{"href":"https:\/\/eindruecke.achmnt.eu\/wp-json\/wp\/v2\/posts"}],"about":[{"href":"https:\/\/eindruecke.achmnt.eu\/wp-json\/wp\/v2\/types\/post"}],"author":[{"embeddable":true,"href":"https:\/\/eindruecke.achmnt.eu\/wp-json\/wp\/v2\/users\/2"}],"replies":[{"embeddable":true,"href":"https:\/\/eindruecke.achmnt.eu\/wp-json\/wp\/v2\/comments?post=1832"}],"version-history":[{"count":1,"href":"https:\/\/eindruecke.achmnt.eu\/wp-json\/wp\/v2\/posts\/1832\/revisions"}],"predecessor-version":[{"id":13412,"href":"https:\/\/eindruecke.achmnt.eu\/wp-json\/wp\/v2\/posts\/1832\/revisions\/13412"}],"wp:attachment":[{"href":"https:\/\/eindruecke.achmnt.eu\/wp-json\/wp\/v2\/media?parent=1832"}],"wp:term":[{"taxonomy":"category","embeddable":true,"href":"https:\/\/eindruecke.achmnt.eu\/wp-json\/wp\/v2\/categories?post=1832"},{"taxonomy":"post_tag","embeddable":true,"href":"https:\/\/eindruecke.achmnt.eu\/wp-json\/wp\/v2\/tags?post=1832"}],"curies":[{"name":"wp","href":"https:\/\/api.w.org\/{rel}","templated":true}]}}