{"id":15936,"date":"2022-07-05T23:10:46","date_gmt":"2022-07-05T21:10:46","guid":{"rendered":"https:\/\/eindruecke.achmnt.eu\/?p=15936"},"modified":"2024-07-21T22:17:54","modified_gmt":"2024-07-21T20:17:54","slug":"schleissheim-der-edeka-kramerladen-in-altschleissheim-bis-1990er-jahre","status":"publish","type":"post","link":"https:\/\/eindruecke.achmnt.eu\/2022\/07\/15936\/","title":{"rendered":"#schleissheim Der Edeka-Kramerladen in Altschlei\u00dfheim (bis 1990er Jahre)"},"content":{"rendered":"\n<p><em>sliusica memoria Nr. 8 [05.07.2022]<\/em><\/p>\n\n\n\n<p><strong><a href=\"http:\/\/schleissheim.link\/gm9o0\" target=\"_blank\" rel=\"noreferrer noopener\">schleissheim.link\/gm9o0<\/a><\/strong><\/p>\n\n\n\n<p>Bis in die 1990er Jahre gab es in der F\u00f6hrenstra\u00dfe 4 einen Kramerladen, an dessen Stelle heute ein naturheilkundliches Zentrum ist. Wenn ich mich nicht t\u00e4usche, war es ein kleiner Edeka-Laden, der von zwei \u00e4lteren Damen gef\u00fchrt wurde. Als mein Vater mich immer zu den Berglsch\u00fctzen fuhr, wies er mich immer auf diesen kleinen Laden hin. Solche L\u00e4den h\u00e4tten ihn an seine Kindheit erinnert und es w\u00fcrde sie immer seltener geben. <\/p>\n","protected":false},"excerpt":{"rendered":"<p>sliusica memoria Nr. 8 [05.07.2022] schleissheim.link\/gm9o0 Bis in die 1990er Jahre gab es in der F\u00f6hrenstra\u00dfe 4 einen Kramerladen, an dessen Stelle heute ein naturheilkundliches Zentrum ist. Wenn ich mich nicht t\u00e4usche, war es ein kleiner Edeka-Laden, der von zwei <a href=\"https:\/\/eindruecke.achmnt.eu\/2022\/07\/15936\/\"> Read more&#8230;<\/a><\/p>\n","protected":false},"author":1,"featured_media":0,"comment_status":"closed","ping_status":"closed","sticky":false,"template":"","format":"standard","meta":{"ngg_post_thumbnail":0,"_jetpack_memberships_contains_paid_content":false,"footnotes":"","jetpack_publicize_message":"","jetpack_publicize_feature_enabled":true,"jetpack_social_post_already_shared":false,"jetpack_social_options":{"image_generator_settings":{"template":"highway","enabled":false},"version":2}},"categories":[3863,6508,3857],"tags":[4044,6654,6392,6656,6655,2432],"class_list":["post-15936","post","type-post","status-publish","format-standard","hentry","category-sliusica-memoria","category-kulturortschaftsgeschichte","category-schleissheim-net","tag-altschleisheim","tag-edeka","tag-erinnerungsortsgeschichte","tag-foehrenstrasse","tag-kramerladen","tag-oberschleisheim"],"jetpack_publicize_connections":[],"jetpack_sharing_enabled":true,"jetpack_featured_media_url":"","_links":{"self":[{"href":"https:\/\/eindruecke.achmnt.eu\/wp-json\/wp\/v2\/posts\/15936"}],"collection":[{"href":"https:\/\/eindruecke.achmnt.eu\/wp-json\/wp\/v2\/posts"}],"about":[{"href":"https:\/\/eindruecke.achmnt.eu\/wp-json\/wp\/v2\/types\/post"}],"author":[{"embeddable":true,"href":"https:\/\/eindruecke.achmnt.eu\/wp-json\/wp\/v2\/users\/1"}],"replies":[{"embeddable":true,"href":"https:\/\/eindruecke.achmnt.eu\/wp-json\/wp\/v2\/comments?post=15936"}],"version-history":[{"count":4,"href":"https:\/\/eindruecke.achmnt.eu\/wp-json\/wp\/v2\/posts\/15936\/revisions"}],"predecessor-version":[{"id":16450,"href":"https:\/\/eindruecke.achmnt.eu\/wp-json\/wp\/v2\/posts\/15936\/revisions\/16450"}],"wp:attachment":[{"href":"https:\/\/eindruecke.achmnt.eu\/wp-json\/wp\/v2\/media?parent=15936"}],"wp:term":[{"taxonomy":"category","embeddable":true,"href":"https:\/\/eindruecke.achmnt.eu\/wp-json\/wp\/v2\/categories?post=15936"},{"taxonomy":"post_tag","embeddable":true,"href":"https:\/\/eindruecke.achmnt.eu\/wp-json\/wp\/v2\/tags?post=15936"}],"curies":[{"name":"wp","href":"https:\/\/api.w.org\/{rel}","templated":true}]}}