{"id":11036,"date":"2014-05-14T11:39:34","date_gmt":"2014-05-14T09:39:34","guid":{"rendered":"http:\/\/www.aussichten-online.net\/?p=5355"},"modified":"2020-03-30T23:29:58","modified_gmt":"2020-03-30T21:29:58","slug":"portal-universitaetsgeschichte-des-universitaetsarchivs-wuerzburg","status":"publish","type":"post","link":"https:\/\/eindruecke.achmnt.eu\/2014\/05\/11036\/","title":{"rendered":"Portal Universit\u00e4tsgeschichte des Universit\u00e4tsarchivs W\u00fcrzburg"},"content":{"rendered":"<p><a href=\"http:\/\/www.uniarchiv.uni-wuerzburg.de\/portal_universitaetsgeschichte\/\" target=\"_blank\" rel=\"noopener noreferrer\"><strong>http:\/\/www.uniarchiv.uni-wuerzburg.de\/portal_universitaetsgeschichte<\/strong><\/a><\/p>\n<p>Das Portal bietet einen \u00dcberblick \u00fcber digital verf\u00fcgbare Ressourcen zur Geschichte der Universit\u00e4t W\u00fcrzburg und ist hierbei neben der allgemeinen Universit\u00e4tsgeschichte nach Fakult\u00e4ten und weiteren Einrichtungen gegliedert. Die Spannbreite reicht von der Stiftung der Universit\u00e4t 1582, \u00fcber die Geschichte der Fakult\u00e4t f\u00fcr Physik und Astronomie seit 1749 bis hin zu Depromotionen in den Jahren 1933-1945. Hierbei stehen neben Textquellen auch Bildmaterialien zur Verf\u00fcgung.<\/p>\n","protected":false},"excerpt":{"rendered":"<p>http:\/\/www.uniarchiv.uni-wuerzburg.de\/portal_universitaetsgeschichte Das Portal bietet einen \u00dcberblick \u00fcber digital verf\u00fcgbare Ressourcen zur Geschichte der Universit\u00e4t W\u00fcrzburg und ist hierbei neben der allgemeinen Universit\u00e4tsgeschichte nach Fakult\u00e4ten und weiteren Einrichtungen gegliedert. Die Spannbreite reicht von der Stiftung der Universit\u00e4t 1582, \u00fcber die Geschichte <a href=\"https:\/\/eindruecke.achmnt.eu\/2014\/05\/11036\/\"> Read more&#8230;<\/a><\/p>\n","protected":false},"author":2,"featured_media":0,"comment_status":"closed","ping_status":"open","sticky":false,"template":"","format":"standard","meta":{"ngg_post_thumbnail":0,"_jetpack_memberships_contains_paid_content":false,"footnotes":"","jetpack_publicize_message":"","jetpack_publicize_feature_enabled":true,"jetpack_social_post_already_shared":false,"jetpack_social_options":{"image_generator_settings":{"template":"highway","enabled":false},"version":2}},"categories":[3847],"tags":[51,4173,582,4598,1294,2366,3163,6133,3450,6142,3644],"class_list":["post-11036","post","type-post","status-publish","format-standard","hentry","category-universitaetsgeschichte","tag-19-jahrhundert","tag-bauern","tag-brd","tag-fakultaeten","tag-fruhe-neuzeit","tag-nationalsozialismus","tag-studentengeschichte","tag-universitaet-wuerzburg","tag-universitatsgeschichte","tag-universitaetsmedizin","tag-weimarer-republik"],"jetpack_publicize_connections":[],"jetpack_sharing_enabled":true,"jetpack_featured_media_url":"","_links":{"self":[{"href":"https:\/\/eindruecke.achmnt.eu\/wp-json\/wp\/v2\/posts\/11036"}],"collection":[{"href":"https:\/\/eindruecke.achmnt.eu\/wp-json\/wp\/v2\/posts"}],"about":[{"href":"https:\/\/eindruecke.achmnt.eu\/wp-json\/wp\/v2\/types\/post"}],"author":[{"embeddable":true,"href":"https:\/\/eindruecke.achmnt.eu\/wp-json\/wp\/v2\/users\/2"}],"replies":[{"embeddable":true,"href":"https:\/\/eindruecke.achmnt.eu\/wp-json\/wp\/v2\/comments?post=11036"}],"version-history":[{"count":1,"href":"https:\/\/eindruecke.achmnt.eu\/wp-json\/wp\/v2\/posts\/11036\/revisions"}],"predecessor-version":[{"id":12470,"href":"https:\/\/eindruecke.achmnt.eu\/wp-json\/wp\/v2\/posts\/11036\/revisions\/12470"}],"wp:attachment":[{"href":"https:\/\/eindruecke.achmnt.eu\/wp-json\/wp\/v2\/media?parent=11036"}],"wp:term":[{"taxonomy":"category","embeddable":true,"href":"https:\/\/eindruecke.achmnt.eu\/wp-json\/wp\/v2\/categories?post=11036"},{"taxonomy":"post_tag","embeddable":true,"href":"https:\/\/eindruecke.achmnt.eu\/wp-json\/wp\/v2\/tags?post=11036"}],"curies":[{"name":"wp","href":"https:\/\/api.w.org\/{rel}","templated":true}]}}